
{"id":5080,"date":"2025-05-05T17:03:14","date_gmt":"2025-05-05T21:03:14","guid":{"rendered":"https:\/\/agunsa.canalcero.digital\/eng\/?p=5080"},"modified":"2025-05-05T17:04:00","modified_gmt":"2025-05-05T21:04:00","slug":"closure-of-the-driving-school-in-iquique-a-step-forward-for-inclusion-and-employment","status":"publish","type":"post","link":"https:\/\/agunsa.canalcero.digital\/eng\/closure-of-the-driving-school-in-iquique-a-step-forward-for-inclusion-and-employment\/","title":{"rendered":"Closure of the driving school in Iquique: a step forward for inclusion and employment"},"content":{"rendered":"<p>The closing event of the driving school in the Tarapac\u00e1 region took place, an initiative in collaboration between AGUNSA and CargoTrans. On this occasion, 18 women were trained to obtain their A4 license, thanks to the course provided by the Humberstone Driving School. This project was supported by SENCE and OTIC SOFOFA, demonstrating the commitment of various entities to training and employment in the region. The event was attended by prominent company representatives, including Francisco Valdivia, Logistics Manager, and Susana Cabrera, Training Leader. Additionally, local authorities such as Iv\u00e1n Escares, Regional Director of SENCE Tarapac\u00e1; Luis Avenda\u00f1o, Director of Traffic of the Municipality of Alto Hospicio; and C\u00e9sar Mamani, Head of the Employment and Training Unit of SENCE Tarapac\u00e1 Companies, were present.<\/p>\n<p>The purpose of this project is to create a valuable link with the community, helping to reduce the shortage of professional drivers in the Tarapac\u00e1 Region and, at the same time, being a fundamental tool for job creation. This joint effort reflects the commitment of the institutions involved to the inclusion and professional development of women in the transportation sector. The note will be published on Agunsa&#8217;s website, highlighting this important collaboration.<\/p>\n","protected":false},"excerpt":{"rendered":"<p>The closing event of the driving school in the Tarapac\u00e1 region took place, an initiative in collaboration between AGUNSA and CargoTrans. On this occasion, 18 women were trained to obtain their A4 license, thanks to the course provided by the Humberstone Driving School. This project was supported by SENCE and OTIC SOFOFA, demonstrating the commitment [&hellip;]<\/p>\n","protected":false},"author":5,"featured_media":5081,"comment_status":"closed","ping_status":"closed","sticky":false,"template":"","format":"standard","meta":{"_acf_changed":false,"footnotes":""},"categories":[3],"tags":[],"class_list":["post-5080","post","type-post","status-publish","format-standard","has-post-thumbnail","hentry","category-noticias"],"acf":[],"yoast_head":"<!-- This site is optimized with the Yoast SEO plugin v26.8 - https:\/\/yoast.com\/product\/yoast-seo-wordpress\/ -->\n<title>Closure of the driving school in Iquique: a step forward for inclusion and employment - AGUNSA English version<\/title>\n<meta name=\"robots\" content=\"index, follow, max-snippet:-1, max-image-preview:large, max-video-preview:-1\" \/>\n<link rel=\"canonical\" href=\"https:\/\/agunsa.canalcero.digital\/eng\/closure-of-the-driving-school-in-iquique-a-step-forward-for-inclusion-and-employment\/\" \/>\n<meta property=\"og:locale\" content=\"es_ES\" \/>\n<meta property=\"og:type\" content=\"article\" \/>\n<meta property=\"og:title\" content=\"Closure of the driving school in Iquique: a step forward for inclusion and employment - AGUNSA English version\" \/>\n<meta property=\"og:description\" content=\"The closing event of the driving school in the Tarapac\u00e1 region took place, an initiative in collaboration between AGUNSA and CargoTrans. On this occasion, 18 women were trained to obtain their A4 license, thanks to the course provided by the Humberstone Driving School. This project was supported by SENCE and OTIC SOFOFA, demonstrating the commitment [&hellip;]\" \/>\n<meta property=\"og:url\" content=\"https:\/\/agunsa.canalcero.digital\/eng\/closure-of-the-driving-school-in-iquique-a-step-forward-for-inclusion-and-employment\/\" \/>\n<meta property=\"og:site_name\" content=\"AGUNSA English version\" \/>\n<meta property=\"article:published_time\" content=\"2025-05-05T21:03:14+00:00\" \/>\n<meta property=\"article:modified_time\" content=\"2025-05-05T21:04:00+00:00\" \/>\n<meta property=\"og:image\" content=\"https:\/\/agunsa.canalcero.digital\/eng\/wp-content\/uploads\/2025\/05\/Conductoras-scaled.jpg\" \/>\n\t<meta property=\"og:image:width\" content=\"2560\" \/>\n\t<meta property=\"og:image:height\" content=\"1707\" \/>\n\t<meta property=\"og:image:type\" content=\"image\/jpeg\" \/>\n<meta name=\"author\" content=\"canalcero\" \/>\n<meta name=\"twitter:label1\" content=\"Escrito por\" \/>\n\t<meta name=\"twitter:data1\" content=\"canalcero\" \/>\n\t<meta name=\"twitter:label2\" content=\"Tiempo estimado de lectura\" \/>\n\t<meta name=\"twitter:data2\" content=\"2 minutos\" \/>\n<script type=\"application\/ld+json\" class=\"yoast-schema-graph\">{\"@context\":\"https:\/\/schema.org\",\"@graph\":[{\"@type\":\"Article\",\"@id\":\"https:\/\/agunsa.canalcero.digital\/eng\/closure-of-the-driving-school-in-iquique-a-step-forward-for-inclusion-and-employment\/#article\",\"isPartOf\":{\"@id\":\"https:\/\/agunsa.canalcero.digital\/eng\/closure-of-the-driving-school-in-iquique-a-step-forward-for-inclusion-and-employment\/\"},\"author\":{\"name\":\"canalcero\",\"@id\":\"https:\/\/agunsa.canalcero.digital\/eng\/#\/schema\/person\/b9e56b9f6e7a69f1e26b6a0dc126ed43\"},\"headline\":\"Closure of the driving school in Iquique: a step forward for inclusion and employment\",\"datePublished\":\"2025-05-05T21:03:14+00:00\",\"dateModified\":\"2025-05-05T21:04:00+00:00\",\"mainEntityOfPage\":{\"@id\":\"https:\/\/agunsa.canalcero.digital\/eng\/closure-of-the-driving-school-in-iquique-a-step-forward-for-inclusion-and-employment\/\"},\"wordCount\":210,\"image\":{\"@id\":\"https:\/\/agunsa.canalcero.digital\/eng\/closure-of-the-driving-school-in-iquique-a-step-forward-for-inclusion-and-employment\/#primaryimage\"},\"thumbnailUrl\":\"https:\/\/agunsa.canalcero.digital\/eng\/wp-content\/uploads\/2025\/05\/Conductoras-scaled.jpg\",\"articleSection\":[\"News\"],\"inLanguage\":\"es-CL\"},{\"@type\":\"WebPage\",\"@id\":\"https:\/\/agunsa.canalcero.digital\/eng\/closure-of-the-driving-school-in-iquique-a-step-forward-for-inclusion-and-employment\/\",\"url\":\"https:\/\/agunsa.canalcero.digital\/eng\/closure-of-the-driving-school-in-iquique-a-step-forward-for-inclusion-and-employment\/\",\"name\":\"Closure of the driving school in Iquique: a step forward for inclusion and employment - AGUNSA English version\",\"isPartOf\":{\"@id\":\"https:\/\/agunsa.canalcero.digital\/eng\/#website\"},\"primaryImageOfPage\":{\"@id\":\"https:\/\/agunsa.canalcero.digital\/eng\/closure-of-the-driving-school-in-iquique-a-step-forward-for-inclusion-and-employment\/#primaryimage\"},\"image\":{\"@id\":\"https:\/\/agunsa.canalcero.digital\/eng\/closure-of-the-driving-school-in-iquique-a-step-forward-for-inclusion-and-employment\/#primaryimage\"},\"thumbnailUrl\":\"https:\/\/agunsa.canalcero.digital\/eng\/wp-content\/uploads\/2025\/05\/Conductoras-scaled.jpg\",\"datePublished\":\"2025-05-05T21:03:14+00:00\",\"dateModified\":\"2025-05-05T21:04:00+00:00\",\"author\":{\"@id\":\"https:\/\/agunsa.canalcero.digital\/eng\/#\/schema\/person\/b9e56b9f6e7a69f1e26b6a0dc126ed43\"},\"breadcrumb\":{\"@id\":\"https:\/\/agunsa.canalcero.digital\/eng\/closure-of-the-driving-school-in-iquique-a-step-forward-for-inclusion-and-employment\/#breadcrumb\"},\"inLanguage\":\"es-CL\",\"potentialAction\":[{\"@type\":\"ReadAction\",\"target\":[\"https:\/\/agunsa.canalcero.digital\/eng\/closure-of-the-driving-school-in-iquique-a-step-forward-for-inclusion-and-employment\/\"]}]},{\"@type\":\"ImageObject\",\"inLanguage\":\"es-CL\",\"@id\":\"https:\/\/agunsa.canalcero.digital\/eng\/closure-of-the-driving-school-in-iquique-a-step-forward-for-inclusion-and-employment\/#primaryimage\",\"url\":\"https:\/\/agunsa.canalcero.digital\/eng\/wp-content\/uploads\/2025\/05\/Conductoras-scaled.jpg\",\"contentUrl\":\"https:\/\/agunsa.canalcero.digital\/eng\/wp-content\/uploads\/2025\/05\/Conductoras-scaled.jpg\",\"width\":2560,\"height\":1707},{\"@type\":\"BreadcrumbList\",\"@id\":\"https:\/\/agunsa.canalcero.digital\/eng\/closure-of-the-driving-school-in-iquique-a-step-forward-for-inclusion-and-employment\/#breadcrumb\",\"itemListElement\":[{\"@type\":\"ListItem\",\"position\":1,\"name\":\"Home\",\"item\":\"https:\/\/agunsa.canalcero.digital\/eng\/\"},{\"@type\":\"ListItem\",\"position\":2,\"name\":\"News\",\"item\":\"https:\/\/agunsa.canalcero.digital\/eng\/noticias\/\"},{\"@type\":\"ListItem\",\"position\":3,\"name\":\"Closure of the driving school in Iquique: a step forward for inclusion and employment\"}]},{\"@type\":\"WebSite\",\"@id\":\"https:\/\/agunsa.canalcero.digital\/eng\/#website\",\"url\":\"https:\/\/agunsa.canalcero.digital\/eng\/\",\"name\":\"AGUNSA English version\",\"description\":\"Soluciones efectivas para la industria naviera de hoy y ma\u00f1ana\",\"potentialAction\":[{\"@type\":\"SearchAction\",\"target\":{\"@type\":\"EntryPoint\",\"urlTemplate\":\"https:\/\/agunsa.canalcero.digital\/eng\/?s={search_term_string}\"},\"query-input\":{\"@type\":\"PropertyValueSpecification\",\"valueRequired\":true,\"valueName\":\"search_term_string\"}}],\"inLanguage\":\"es-CL\"},{\"@type\":\"Person\",\"@id\":\"https:\/\/agunsa.canalcero.digital\/eng\/#\/schema\/person\/b9e56b9f6e7a69f1e26b6a0dc126ed43\",\"name\":\"canalcero\",\"image\":{\"@type\":\"ImageObject\",\"inLanguage\":\"es-CL\",\"@id\":\"https:\/\/agunsa.canalcero.digital\/eng\/#\/schema\/person\/image\/\",\"url\":\"https:\/\/secure.gravatar.com\/avatar\/7b1cea00b09bc048a28bb70a913582be?s=96&d=mm&r=g\",\"contentUrl\":\"https:\/\/secure.gravatar.com\/avatar\/7b1cea00b09bc048a28bb70a913582be?s=96&d=mm&r=g\",\"caption\":\"canalcero\"},\"url\":\"https:\/\/agunsa.canalcero.digital\/eng\/author\/canalcero\/\"}]}<\/script>\n<!-- \/ Yoast SEO plugin. -->","yoast_head_json":{"title":"Closure of the driving school in Iquique: a step forward for inclusion and employment - AGUNSA English version","robots":{"index":"index","follow":"follow","max-snippet":"max-snippet:-1","max-image-preview":"max-image-preview:large","max-video-preview":"max-video-preview:-1"},"canonical":"https:\/\/agunsa.canalcero.digital\/eng\/closure-of-the-driving-school-in-iquique-a-step-forward-for-inclusion-and-employment\/","og_locale":"es_ES","og_type":"article","og_title":"Closure of the driving school in Iquique: a step forward for inclusion and employment - AGUNSA English version","og_description":"The closing event of the driving school in the Tarapac\u00e1 region took place, an initiative in collaboration between AGUNSA and CargoTrans. On this occasion, 18 women were trained to obtain their A4 license, thanks to the course provided by the Humberstone Driving School. This project was supported by SENCE and OTIC SOFOFA, demonstrating the commitment [&hellip;]","og_url":"https:\/\/agunsa.canalcero.digital\/eng\/closure-of-the-driving-school-in-iquique-a-step-forward-for-inclusion-and-employment\/","og_site_name":"AGUNSA English version","article_published_time":"2025-05-05T21:03:14+00:00","article_modified_time":"2025-05-05T21:04:00+00:00","og_image":[{"width":2560,"height":1707,"url":"https:\/\/agunsa.canalcero.digital\/eng\/wp-content\/uploads\/2025\/05\/Conductoras-scaled.jpg","type":"image\/jpeg"}],"author":"canalcero","twitter_misc":{"Escrito por":"canalcero","Tiempo estimado de lectura":"2 minutos"},"schema":{"@context":"https:\/\/schema.org","@graph":[{"@type":"Article","@id":"https:\/\/agunsa.canalcero.digital\/eng\/closure-of-the-driving-school-in-iquique-a-step-forward-for-inclusion-and-employment\/#article","isPartOf":{"@id":"https:\/\/agunsa.canalcero.digital\/eng\/closure-of-the-driving-school-in-iquique-a-step-forward-for-inclusion-and-employment\/"},"author":{"name":"canalcero","@id":"https:\/\/agunsa.canalcero.digital\/eng\/#\/schema\/person\/b9e56b9f6e7a69f1e26b6a0dc126ed43"},"headline":"Closure of the driving school in Iquique: a step forward for inclusion and employment","datePublished":"2025-05-05T21:03:14+00:00","dateModified":"2025-05-05T21:04:00+00:00","mainEntityOfPage":{"@id":"https:\/\/agunsa.canalcero.digital\/eng\/closure-of-the-driving-school-in-iquique-a-step-forward-for-inclusion-and-employment\/"},"wordCount":210,"image":{"@id":"https:\/\/agunsa.canalcero.digital\/eng\/closure-of-the-driving-school-in-iquique-a-step-forward-for-inclusion-and-employment\/#primaryimage"},"thumbnailUrl":"https:\/\/agunsa.canalcero.digital\/eng\/wp-content\/uploads\/2025\/05\/Conductoras-scaled.jpg","articleSection":["News"],"inLanguage":"es-CL"},{"@type":"WebPage","@id":"https:\/\/agunsa.canalcero.digital\/eng\/closure-of-the-driving-school-in-iquique-a-step-forward-for-inclusion-and-employment\/","url":"https:\/\/agunsa.canalcero.digital\/eng\/closure-of-the-driving-school-in-iquique-a-step-forward-for-inclusion-and-employment\/","name":"Closure of the driving school in Iquique: a step forward for inclusion and employment - AGUNSA English version","isPartOf":{"@id":"https:\/\/agunsa.canalcero.digital\/eng\/#website"},"primaryImageOfPage":{"@id":"https:\/\/agunsa.canalcero.digital\/eng\/closure-of-the-driving-school-in-iquique-a-step-forward-for-inclusion-and-employment\/#primaryimage"},"image":{"@id":"https:\/\/agunsa.canalcero.digital\/eng\/closure-of-the-driving-school-in-iquique-a-step-forward-for-inclusion-and-employment\/#primaryimage"},"thumbnailUrl":"https:\/\/agunsa.canalcero.digital\/eng\/wp-content\/uploads\/2025\/05\/Conductoras-scaled.jpg","datePublished":"2025-05-05T21:03:14+00:00","dateModified":"2025-05-05T21:04:00+00:00","author":{"@id":"https:\/\/agunsa.canalcero.digital\/eng\/#\/schema\/person\/b9e56b9f6e7a69f1e26b6a0dc126ed43"},"breadcrumb":{"@id":"https:\/\/agunsa.canalcero.digital\/eng\/closure-of-the-driving-school-in-iquique-a-step-forward-for-inclusion-and-employment\/#breadcrumb"},"inLanguage":"es-CL","potentialAction":[{"@type":"ReadAction","target":["https:\/\/agunsa.canalcero.digital\/eng\/closure-of-the-driving-school-in-iquique-a-step-forward-for-inclusion-and-employment\/"]}]},{"@type":"ImageObject","inLanguage":"es-CL","@id":"https:\/\/agunsa.canalcero.digital\/eng\/closure-of-the-driving-school-in-iquique-a-step-forward-for-inclusion-and-employment\/#primaryimage","url":"https:\/\/agunsa.canalcero.digital\/eng\/wp-content\/uploads\/2025\/05\/Conductoras-scaled.jpg","contentUrl":"https:\/\/agunsa.canalcero.digital\/eng\/wp-content\/uploads\/2025\/05\/Conductoras-scaled.jpg","width":2560,"height":1707},{"@type":"BreadcrumbList","@id":"https:\/\/agunsa.canalcero.digital\/eng\/closure-of-the-driving-school-in-iquique-a-step-forward-for-inclusion-and-employment\/#breadcrumb","itemListElement":[{"@type":"ListItem","position":1,"name":"Home","item":"https:\/\/agunsa.canalcero.digital\/eng\/"},{"@type":"ListItem","position":2,"name":"News","item":"https:\/\/agunsa.canalcero.digital\/eng\/noticias\/"},{"@type":"ListItem","position":3,"name":"Closure of the driving school in Iquique: a step forward for inclusion and employment"}]},{"@type":"WebSite","@id":"https:\/\/agunsa.canalcero.digital\/eng\/#website","url":"https:\/\/agunsa.canalcero.digital\/eng\/","name":"AGUNSA English version","description":"Soluciones efectivas para la industria naviera de hoy y ma\u00f1ana","potentialAction":[{"@type":"SearchAction","target":{"@type":"EntryPoint","urlTemplate":"https:\/\/agunsa.canalcero.digital\/eng\/?s={search_term_string}"},"query-input":{"@type":"PropertyValueSpecification","valueRequired":true,"valueName":"search_term_string"}}],"inLanguage":"es-CL"},{"@type":"Person","@id":"https:\/\/agunsa.canalcero.digital\/eng\/#\/schema\/person\/b9e56b9f6e7a69f1e26b6a0dc126ed43","name":"canalcero","image":{"@type":"ImageObject","inLanguage":"es-CL","@id":"https:\/\/agunsa.canalcero.digital\/eng\/#\/schema\/person\/image\/","url":"https:\/\/secure.gravatar.com\/avatar\/7b1cea00b09bc048a28bb70a913582be?s=96&d=mm&r=g","contentUrl":"https:\/\/secure.gravatar.com\/avatar\/7b1cea00b09bc048a28bb70a913582be?s=96&d=mm&r=g","caption":"canalcero"},"url":"https:\/\/agunsa.canalcero.digital\/eng\/author\/canalcero\/"}]}},"_links":{"self":[{"href":"https:\/\/agunsa.canalcero.digital\/eng\/wp-json\/wp\/v2\/posts\/5080","targetHints":{"allow":["GET"]}}],"collection":[{"href":"https:\/\/agunsa.canalcero.digital\/eng\/wp-json\/wp\/v2\/posts"}],"about":[{"href":"https:\/\/agunsa.canalcero.digital\/eng\/wp-json\/wp\/v2\/types\/post"}],"author":[{"embeddable":true,"href":"https:\/\/agunsa.canalcero.digital\/eng\/wp-json\/wp\/v2\/users\/5"}],"replies":[{"embeddable":true,"href":"https:\/\/agunsa.canalcero.digital\/eng\/wp-json\/wp\/v2\/comments?post=5080"}],"version-history":[{"count":1,"href":"https:\/\/agunsa.canalcero.digital\/eng\/wp-json\/wp\/v2\/posts\/5080\/revisions"}],"predecessor-version":[{"id":5082,"href":"https:\/\/agunsa.canalcero.digital\/eng\/wp-json\/wp\/v2\/posts\/5080\/revisions\/5082"}],"wp:featuredmedia":[{"embeddable":true,"href":"https:\/\/agunsa.canalcero.digital\/eng\/wp-json\/wp\/v2\/media\/5081"}],"wp:attachment":[{"href":"https:\/\/agunsa.canalcero.digital\/eng\/wp-json\/wp\/v2\/media?parent=5080"}],"wp:term":[{"taxonomy":"category","embeddable":true,"href":"https:\/\/agunsa.canalcero.digital\/eng\/wp-json\/wp\/v2\/categories?post=5080"},{"taxonomy":"post_tag","embeddable":true,"href":"https:\/\/agunsa.canalcero.digital\/eng\/wp-json\/wp\/v2\/tags?post=5080"}],"curies":[{"name":"wp","href":"https:\/\/api.w.org\/{rel}","templated":true}]}}